{"id":37,"date":"2024-11-20T18:10:16","date_gmt":"2024-11-20T17:10:16","guid":{"rendered":"http:\/\/www.altira.nu\/?p=37"},"modified":"2024-11-21T09:53:22","modified_gmt":"2024-11-21T08:53:22","slug":"valkommen-pa-arsmote-23-februari-2025","status":"publish","type":"post","link":"https:\/\/altira.nu\/?p=37","title":{"rendered":"V\u00e4lkommen p\u00e5 \u00e5rsm\u00f6te 23 februari 2025"},"content":{"rendered":"\n<p>Styrelsen f\u00f6r Dansklubben Altira h\u00e4lsar alla medlemmar v\u00e4lkomna till \u00e5rsm\u00f6te s\u00f6ndagen den 23\/2 2025 klockan 15.00. M\u00f6tet kommer att h\u00e5llas i Dansklubben Altiras lokal p\u00e5 Bergsgatan 126, Sundsvall.<\/p>\n\n\n\n<p>Senaste datum f\u00f6r inl\u00e4mning av motioner till \u00e5rsm\u00f6tet \u00e4r den 23:e januari 2025. Motioner skickas till sekreterare@altira.nu<\/p>\n\n\n\n<p>L\u00e4nk till handlingar kommer att finnas h\u00e4r samt skickas ut via mail senast en vecka innan m\u00f6tet.<\/p>\n\n\n\n<p>H\u00f6r av dig till styrelsen@altira.nu om du har f\u00f6rslag p\u00e5 \u00e4mnen att lyfta under punkten \u00f6vriga fr\u00e5gor p\u00e5 m\u00f6tet.<\/p>\n\n\n\n<p>\u00c4r du inte redan medlem men vill passa p\u00e5 att bli det f\u00f6r att st\u00f6tta Dansklubben Altira fyller du i medlemsans\u00f6kan h\u00e4r [<a href=\"https:\/\/dans.se\/shop\/?org=altira%3Bnew%3Bmship\" rel=\"noreferrer noopener\" target=\"_blank\">https:\/\/dans.se\/shop\/?org=altira;new;mship<\/a>]<\/p>\n\n\n\n<p>Varmt v\u00e4lkommen!<\/p>\n\n\n\n<p>&#8212;&#8212;&#8212;-<br>Dagordning f\u00f6r \u00e5rsm\u00f6te i Dansklubben Altira<\/p>\n\n\n\n<p>Plats: Altiras lokal, Bergsgatan 126, Sundsvall<br>Datum: S\u00f6ndagen den 23 februari 2025<br>Tid: 15.00<\/p>\n\n\n\n<p>\u00a7 1 \u00d6ppnande av M\u00f6te<br>\u00a7 2 Fastst\u00e4llande av r\u00f6stl\u00e4ngd<br>\u00a7 3 M\u00f6tets beh\u00f6riga utlysande<br>\u00a7 4 Fastst\u00e4llande av dagordning<br>\u00a7 5 Val av ordf\u00f6rande och sekreterare f\u00f6r m\u00f6tet<br>\u00a7 6 Val av tv\u00e5 justeringsm\u00e4n tillika r\u00f6str\u00e4knare<br>\u00a7 7 Styrelsens verksamhetsber\u00e4ttelse samt resultat och balansr\u00e4kning f\u00f6r 2024<br>\u00a7 8 Revisorernas ber\u00e4ttelse<br>\u00a7 9 Fr\u00e5ga om ansvarsfrihet f\u00f6r styrelsen f\u00f6r det g\u00e5ngna verksamhets\u00e5ret<br>\u00a7 10 Medlemsavgifter fr o m 2025<br>\u00a7 11 Verksamhetsplan samt budget f\u00f6r 2024<br>\u00a7 12 Val av styrelsens ordf\u00f6rande p\u00e5 ett \u00e5r<br>\u00a7 13 Val av tre ordinarie ledam\u00f6ter p\u00e5 tv\u00e5 \u00e5r<br>\u00a7 14 Val av tv\u00e5 suppleanter p\u00e5 ett \u00e5r<br>\u00a7 15 Val av tv\u00e5 revisorer p\u00e5 ett \u00e5r<br>\u00a7 16 Val av valberedning p\u00e5 ett \u00e5r.<br>\u00a7 17 Beslut om ombud till f\u00f6rbundsm\u00f6te och SDF-m\u00f6tet<br>\u00a7 18 Motioner<br>\u00a7 19 \u00d6vriga fr\u00e5gor<br>\u00a7 20 M\u00f6tets avslutande<\/p>\n","protected":false},"excerpt":{"rendered":"<p>Styrelsen f\u00f6r Dansklubben Altira h\u00e4lsar alla medlemmar v\u00e4lkomna till \u00e5rsm\u00f6te s\u00f6ndagen den 23\/2 2025 klockan 15.00. M\u00f6tet kommer att h\u00e5llas i Dansklubben Altiras lokal p\u00e5 Bergsgatan 126, Sundsvall. Senaste datum f\u00f6r inl\u00e4mning av motioner till \u00e5rsm\u00f6tet \u00e4r den 23:e januari 2025. Motioner skickas till sekreterare@altira.nu L\u00e4nk till handlingar kommer att finnas h\u00e4r samt skickas ut &hellip; <a href=\"https:\/\/altira.nu\/?p=37\" class=\"more-link\">Forts\u00e4tt l\u00e4sa<span class=\"screen-reader-text\"> \u201dV\u00e4lkommen p\u00e5 \u00e5rsm\u00f6te 23 februari 2025\u201d<\/span><\/a><\/p>\n","protected":false},"author":1,"featured_media":0,"comment_status":"closed","ping_status":"closed","sticky":false,"template":"","format":"standard","meta":{"footnotes":""},"categories":[1],"tags":[],"class_list":["post-37","post","type-post","status-publish","format-standard","hentry","category-okategoriserade"],"yoast_head":"<!-- This site is optimized with the Yoast SEO plugin v22.8 - https:\/\/yoast.com\/wordpress\/plugins\/seo\/ -->\n<title>V\u00e4lkommen p\u00e5 \u00e5rsm\u00f6te 23 februari 2025 - Dansklubben Altira<\/title>\n<meta name=\"robots\" content=\"index, follow, max-snippet:-1, max-image-preview:large, max-video-preview:-1\" \/>\n<link rel=\"canonical\" href=\"https:\/\/altira.nu\/?p=37\" \/>\n<meta property=\"og:locale\" content=\"sv_SE\" \/>\n<meta property=\"og:type\" content=\"article\" \/>\n<meta property=\"og:title\" content=\"V\u00e4lkommen p\u00e5 \u00e5rsm\u00f6te 23 februari 2025 - Dansklubben Altira\" \/>\n<meta property=\"og:description\" content=\"Styrelsen f\u00f6r Dansklubben Altira h\u00e4lsar alla medlemmar v\u00e4lkomna till \u00e5rsm\u00f6te s\u00f6ndagen den 23\/2 2025 klockan 15.00. M\u00f6tet kommer att h\u00e5llas i Dansklubben Altiras lokal p\u00e5 Bergsgatan 126, Sundsvall. Senaste datum f\u00f6r inl\u00e4mning av motioner till \u00e5rsm\u00f6tet \u00e4r den 23:e januari 2025. Motioner skickas till sekreterare@altira.nu L\u00e4nk till handlingar kommer att finnas h\u00e4r samt skickas ut &hellip; Forts\u00e4tt l\u00e4sa \u201dV\u00e4lkommen p\u00e5 \u00e5rsm\u00f6te 23 februari 2025\u201d\" \/>\n<meta property=\"og:url\" content=\"https:\/\/altira.nu\/?p=37\" \/>\n<meta property=\"og:site_name\" content=\"Dansklubben Altira\" \/>\n<meta property=\"article:published_time\" content=\"2024-11-20T17:10:16+00:00\" \/>\n<meta property=\"article:modified_time\" content=\"2024-11-21T08:53:22+00:00\" \/>\n<meta name=\"author\" content=\"altiraadmin\" \/>\n<meta name=\"twitter:card\" content=\"summary_large_image\" \/>\n<meta name=\"twitter:label1\" content=\"Skriven av\" \/>\n\t<meta name=\"twitter:data1\" content=\"altiraadmin\" \/>\n\t<meta name=\"twitter:label2\" content=\"Ber\u00e4knad l\u00e4stid\" \/>\n\t<meta name=\"twitter:data2\" content=\"2 minuter\" \/>\n<script type=\"application\/ld+json\" class=\"yoast-schema-graph\">{\"@context\":\"https:\/\/schema.org\",\"@graph\":[{\"@type\":\"WebPage\",\"@id\":\"https:\/\/altira.nu\/?p=37\",\"url\":\"https:\/\/altira.nu\/?p=37\",\"name\":\"V\u00e4lkommen p\u00e5 \u00e5rsm\u00f6te 23 februari 2025 - Dansklubben Altira\",\"isPartOf\":{\"@id\":\"https:\/\/altira.nu\/#website\"},\"datePublished\":\"2024-11-20T17:10:16+00:00\",\"dateModified\":\"2024-11-21T08:53:22+00:00\",\"author\":{\"@id\":\"https:\/\/altira.nu\/#\/schema\/person\/0baad16c0f7c9893e33826880ccedb53\"},\"breadcrumb\":{\"@id\":\"https:\/\/altira.nu\/?p=37#breadcrumb\"},\"inLanguage\":\"sv-SE\",\"potentialAction\":[{\"@type\":\"ReadAction\",\"target\":[\"https:\/\/altira.nu\/?p=37\"]}]},{\"@type\":\"BreadcrumbList\",\"@id\":\"https:\/\/altira.nu\/?p=37#breadcrumb\",\"itemListElement\":[{\"@type\":\"ListItem\",\"position\":1,\"name\":\"Home\",\"item\":\"https:\/\/altira.nu\/\"},{\"@type\":\"ListItem\",\"position\":2,\"name\":\"V\u00e4lkommen p\u00e5 \u00e5rsm\u00f6te 23 februari 2025\"}]},{\"@type\":\"WebSite\",\"@id\":\"https:\/\/altira.nu\/#website\",\"url\":\"https:\/\/altira.nu\/\",\"name\":\"Dansklubben Altira\",\"description\":\"\",\"potentialAction\":[{\"@type\":\"SearchAction\",\"target\":{\"@type\":\"EntryPoint\",\"urlTemplate\":\"https:\/\/altira.nu\/?s={search_term_string}\"},\"query-input\":\"required name=search_term_string\"}],\"inLanguage\":\"sv-SE\"},{\"@type\":\"Person\",\"@id\":\"https:\/\/altira.nu\/#\/schema\/person\/0baad16c0f7c9893e33826880ccedb53\",\"name\":\"altiraadmin\",\"image\":{\"@type\":\"ImageObject\",\"inLanguage\":\"sv-SE\",\"@id\":\"https:\/\/altira.nu\/#\/schema\/person\/image\/\",\"url\":\"https:\/\/altira.nu\/wp-content\/uploads\/2022\/12\/altiralogga-500x500-1-150x150.gif\",\"contentUrl\":\"https:\/\/altira.nu\/wp-content\/uploads\/2022\/12\/altiralogga-500x500-1-150x150.gif\",\"caption\":\"altiraadmin\"},\"sameAs\":[\"https:\/\/www.wp.altira.nu\"],\"url\":\"https:\/\/altira.nu\/?author=1\"}]}<\/script>\n<!-- \/ Yoast SEO plugin. -->","yoast_head_json":{"title":"V\u00e4lkommen p\u00e5 \u00e5rsm\u00f6te 23 februari 2025 - Dansklubben Altira","robots":{"index":"index","follow":"follow","max-snippet":"max-snippet:-1","max-image-preview":"max-image-preview:large","max-video-preview":"max-video-preview:-1"},"canonical":"https:\/\/altira.nu\/?p=37","og_locale":"sv_SE","og_type":"article","og_title":"V\u00e4lkommen p\u00e5 \u00e5rsm\u00f6te 23 februari 2025 - Dansklubben Altira","og_description":"Styrelsen f\u00f6r Dansklubben Altira h\u00e4lsar alla medlemmar v\u00e4lkomna till \u00e5rsm\u00f6te s\u00f6ndagen den 23\/2 2025 klockan 15.00. M\u00f6tet kommer att h\u00e5llas i Dansklubben Altiras lokal p\u00e5 Bergsgatan 126, Sundsvall. Senaste datum f\u00f6r inl\u00e4mning av motioner till \u00e5rsm\u00f6tet \u00e4r den 23:e januari 2025. Motioner skickas till sekreterare@altira.nu L\u00e4nk till handlingar kommer att finnas h\u00e4r samt skickas ut &hellip; Forts\u00e4tt l\u00e4sa \u201dV\u00e4lkommen p\u00e5 \u00e5rsm\u00f6te 23 februari 2025\u201d","og_url":"https:\/\/altira.nu\/?p=37","og_site_name":"Dansklubben Altira","article_published_time":"2024-11-20T17:10:16+00:00","article_modified_time":"2024-11-21T08:53:22+00:00","author":"altiraadmin","twitter_card":"summary_large_image","twitter_misc":{"Skriven av":"altiraadmin","Ber\u00e4knad l\u00e4stid":"2 minuter"},"schema":{"@context":"https:\/\/schema.org","@graph":[{"@type":"WebPage","@id":"https:\/\/altira.nu\/?p=37","url":"https:\/\/altira.nu\/?p=37","name":"V\u00e4lkommen p\u00e5 \u00e5rsm\u00f6te 23 februari 2025 - Dansklubben Altira","isPartOf":{"@id":"https:\/\/altira.nu\/#website"},"datePublished":"2024-11-20T17:10:16+00:00","dateModified":"2024-11-21T08:53:22+00:00","author":{"@id":"https:\/\/altira.nu\/#\/schema\/person\/0baad16c0f7c9893e33826880ccedb53"},"breadcrumb":{"@id":"https:\/\/altira.nu\/?p=37#breadcrumb"},"inLanguage":"sv-SE","potentialAction":[{"@type":"ReadAction","target":["https:\/\/altira.nu\/?p=37"]}]},{"@type":"BreadcrumbList","@id":"https:\/\/altira.nu\/?p=37#breadcrumb","itemListElement":[{"@type":"ListItem","position":1,"name":"Home","item":"https:\/\/altira.nu\/"},{"@type":"ListItem","position":2,"name":"V\u00e4lkommen p\u00e5 \u00e5rsm\u00f6te 23 februari 2025"}]},{"@type":"WebSite","@id":"https:\/\/altira.nu\/#website","url":"https:\/\/altira.nu\/","name":"Dansklubben Altira","description":"","potentialAction":[{"@type":"SearchAction","target":{"@type":"EntryPoint","urlTemplate":"https:\/\/altira.nu\/?s={search_term_string}"},"query-input":"required name=search_term_string"}],"inLanguage":"sv-SE"},{"@type":"Person","@id":"https:\/\/altira.nu\/#\/schema\/person\/0baad16c0f7c9893e33826880ccedb53","name":"altiraadmin","image":{"@type":"ImageObject","inLanguage":"sv-SE","@id":"https:\/\/altira.nu\/#\/schema\/person\/image\/","url":"https:\/\/altira.nu\/wp-content\/uploads\/2022\/12\/altiralogga-500x500-1-150x150.gif","contentUrl":"https:\/\/altira.nu\/wp-content\/uploads\/2022\/12\/altiralogga-500x500-1-150x150.gif","caption":"altiraadmin"},"sameAs":["https:\/\/www.wp.altira.nu"],"url":"https:\/\/altira.nu\/?author=1"}]}},"_links":{"self":[{"href":"https:\/\/altira.nu\/index.php?rest_route=\/wp\/v2\/posts\/37","targetHints":{"allow":["GET"]}}],"collection":[{"href":"https:\/\/altira.nu\/index.php?rest_route=\/wp\/v2\/posts"}],"about":[{"href":"https:\/\/altira.nu\/index.php?rest_route=\/wp\/v2\/types\/post"}],"author":[{"embeddable":true,"href":"https:\/\/altira.nu\/index.php?rest_route=\/wp\/v2\/users\/1"}],"replies":[{"embeddable":true,"href":"https:\/\/altira.nu\/index.php?rest_route=%2Fwp%2Fv2%2Fcomments&post=37"}],"version-history":[{"count":3,"href":"https:\/\/altira.nu\/index.php?rest_route=\/wp\/v2\/posts\/37\/revisions"}],"predecessor-version":[{"id":307,"href":"https:\/\/altira.nu\/index.php?rest_route=\/wp\/v2\/posts\/37\/revisions\/307"}],"wp:attachment":[{"href":"https:\/\/altira.nu\/index.php?rest_route=%2Fwp%2Fv2%2Fmedia&parent=37"}],"wp:term":[{"taxonomy":"category","embeddable":true,"href":"https:\/\/altira.nu\/index.php?rest_route=%2Fwp%2Fv2%2Fcategories&post=37"},{"taxonomy":"post_tag","embeddable":true,"href":"https:\/\/altira.nu\/index.php?rest_route=%2Fwp%2Fv2%2Ftags&post=37"}],"curies":[{"name":"wp","href":"https:\/\/api.w.org\/{rel}","templated":true}]}}