{"id":327,"date":"2025-03-03T15:56:40","date_gmt":"2025-03-03T14:56:40","guid":{"rendered":"https:\/\/altira.nu\/?p=327"},"modified":"2025-03-03T15:56:42","modified_gmt":"2025-03-03T14:56:42","slug":"kursomgang-2-2025-startar-v-13","status":"publish","type":"post","link":"https:\/\/altira.nu\/?p=327","title":{"rendered":"Kursomg\u00e5ng 2, 2025, startar v. 13"},"content":{"rendered":"\n<p>Ny chans till ny dans! Anm\u00e4lan till kursomg\u00e5ng 2, f\u00f6r v\u00e5rterminen 2025 \u00e4r nu \u00f6ppen. Vi startar vecka 13 med 8 tillf\u00e4llen.<\/p>\n\n\n\n<ul class=\"wp-block-list\">\n<li>Bugg nyb\u00f6rjare, onsdagar kl. 19:30-21:00<\/li>\n\n\n\n<li>Bugg forts\u00e4ttning, s\u00f6ndagar kl. 17:00-18:30<\/li>\n\n\n\n<li>Fox Teknik, onsdagar kl. 18:00-19:25 (det finns fortfarande platser kvar).<\/li>\n<\/ul>\n\n\n\n<p>Bjud in v\u00e4nner och bekanta och anm\u00e4l dig nu! \ud83d\udc83\ud83d\udd7a\u2728<br><a href=\"https:\/\/altira.nu\/?page_id=8\">https:\/\/altira.nu\/?page_id=8<\/a><br>Kom och m\u00f6t v\u00e5ren med dans hos oss, p\u00e5 Dansklubben Altira \ud83c\udf31<\/p>\n","protected":false},"excerpt":{"rendered":"<p>Ny chans till ny dans! Anm\u00e4lan till kursomg\u00e5ng 2, f\u00f6r v\u00e5rterminen 2025 \u00e4r nu \u00f6ppen. Vi startar vecka 13 med 8 tillf\u00e4llen. Bjud in v\u00e4nner och bekanta och anm\u00e4l dig nu! \ud83d\udc83\ud83d\udd7a\u2728https:\/\/altira.nu\/?page_id=8Kom och m\u00f6t v\u00e5ren med dans hos oss, p\u00e5 Dansklubben Altira \ud83c\udf31<\/p>\n","protected":false},"author":1,"featured_media":0,"comment_status":"closed","ping_status":"closed","sticky":false,"template":"","format":"standard","meta":{"footnotes":""},"categories":[1],"tags":[],"class_list":["post-327","post","type-post","status-publish","format-standard","hentry","category-okategoriserade"],"yoast_head":"<!-- This site is optimized with the Yoast SEO plugin v22.8 - https:\/\/yoast.com\/wordpress\/plugins\/seo\/ -->\n<title>Kursomg\u00e5ng 2, 2025, startar v. 13 - Dansklubben Altira<\/title>\n<meta name=\"robots\" content=\"index, follow, max-snippet:-1, max-image-preview:large, max-video-preview:-1\" \/>\n<link rel=\"canonical\" href=\"https:\/\/altira.nu\/?p=327\" \/>\n<meta property=\"og:locale\" content=\"sv_SE\" \/>\n<meta property=\"og:type\" content=\"article\" \/>\n<meta property=\"og:title\" content=\"Kursomg\u00e5ng 2, 2025, startar v. 13 - Dansklubben Altira\" \/>\n<meta property=\"og:description\" content=\"Ny chans till ny dans! Anm\u00e4lan till kursomg\u00e5ng 2, f\u00f6r v\u00e5rterminen 2025 \u00e4r nu \u00f6ppen. Vi startar vecka 13 med 8 tillf\u00e4llen. Bjud in v\u00e4nner och bekanta och anm\u00e4l dig nu! \ud83d\udc83\ud83d\udd7a\u2728https:\/\/altira.nu\/?page_id=8Kom och m\u00f6t v\u00e5ren med dans hos oss, p\u00e5 Dansklubben Altira \ud83c\udf31\" \/>\n<meta property=\"og:url\" content=\"https:\/\/altira.nu\/?p=327\" \/>\n<meta property=\"og:site_name\" content=\"Dansklubben Altira\" \/>\n<meta property=\"article:published_time\" content=\"2025-03-03T14:56:40+00:00\" \/>\n<meta property=\"article:modified_time\" content=\"2025-03-03T14:56:42+00:00\" \/>\n<meta name=\"author\" content=\"altiraadmin\" \/>\n<meta name=\"twitter:card\" content=\"summary_large_image\" \/>\n<meta name=\"twitter:label1\" content=\"Skriven av\" \/>\n\t<meta name=\"twitter:data1\" content=\"altiraadmin\" \/>\n\t<meta name=\"twitter:label2\" content=\"Ber\u00e4knad l\u00e4stid\" \/>\n\t<meta name=\"twitter:data2\" content=\"1 minut\" \/>\n<script type=\"application\/ld+json\" class=\"yoast-schema-graph\">{\"@context\":\"https:\/\/schema.org\",\"@graph\":[{\"@type\":\"WebPage\",\"@id\":\"https:\/\/altira.nu\/?p=327\",\"url\":\"https:\/\/altira.nu\/?p=327\",\"name\":\"Kursomg\u00e5ng 2, 2025, startar v. 13 - Dansklubben Altira\",\"isPartOf\":{\"@id\":\"https:\/\/altira.nu\/#website\"},\"datePublished\":\"2025-03-03T14:56:40+00:00\",\"dateModified\":\"2025-03-03T14:56:42+00:00\",\"author\":{\"@id\":\"https:\/\/altira.nu\/#\/schema\/person\/0baad16c0f7c9893e33826880ccedb53\"},\"breadcrumb\":{\"@id\":\"https:\/\/altira.nu\/?p=327#breadcrumb\"},\"inLanguage\":\"sv-SE\",\"potentialAction\":[{\"@type\":\"ReadAction\",\"target\":[\"https:\/\/altira.nu\/?p=327\"]}]},{\"@type\":\"BreadcrumbList\",\"@id\":\"https:\/\/altira.nu\/?p=327#breadcrumb\",\"itemListElement\":[{\"@type\":\"ListItem\",\"position\":1,\"name\":\"Home\",\"item\":\"https:\/\/altira.nu\/\"},{\"@type\":\"ListItem\",\"position\":2,\"name\":\"Kursomg\u00e5ng 2, 2025, startar v. 13\"}]},{\"@type\":\"WebSite\",\"@id\":\"https:\/\/altira.nu\/#website\",\"url\":\"https:\/\/altira.nu\/\",\"name\":\"Dansklubben Altira\",\"description\":\"\",\"potentialAction\":[{\"@type\":\"SearchAction\",\"target\":{\"@type\":\"EntryPoint\",\"urlTemplate\":\"https:\/\/altira.nu\/?s={search_term_string}\"},\"query-input\":\"required name=search_term_string\"}],\"inLanguage\":\"sv-SE\"},{\"@type\":\"Person\",\"@id\":\"https:\/\/altira.nu\/#\/schema\/person\/0baad16c0f7c9893e33826880ccedb53\",\"name\":\"altiraadmin\",\"image\":{\"@type\":\"ImageObject\",\"inLanguage\":\"sv-SE\",\"@id\":\"https:\/\/altira.nu\/#\/schema\/person\/image\/\",\"url\":\"https:\/\/altira.nu\/wp-content\/uploads\/2022\/12\/altiralogga-500x500-1-150x150.gif\",\"contentUrl\":\"https:\/\/altira.nu\/wp-content\/uploads\/2022\/12\/altiralogga-500x500-1-150x150.gif\",\"caption\":\"altiraadmin\"},\"sameAs\":[\"https:\/\/www.wp.altira.nu\"],\"url\":\"https:\/\/altira.nu\/?author=1\"}]}<\/script>\n<!-- \/ Yoast SEO plugin. -->","yoast_head_json":{"title":"Kursomg\u00e5ng 2, 2025, startar v. 13 - Dansklubben Altira","robots":{"index":"index","follow":"follow","max-snippet":"max-snippet:-1","max-image-preview":"max-image-preview:large","max-video-preview":"max-video-preview:-1"},"canonical":"https:\/\/altira.nu\/?p=327","og_locale":"sv_SE","og_type":"article","og_title":"Kursomg\u00e5ng 2, 2025, startar v. 13 - Dansklubben Altira","og_description":"Ny chans till ny dans! Anm\u00e4lan till kursomg\u00e5ng 2, f\u00f6r v\u00e5rterminen 2025 \u00e4r nu \u00f6ppen. Vi startar vecka 13 med 8 tillf\u00e4llen. Bjud in v\u00e4nner och bekanta och anm\u00e4l dig nu! \ud83d\udc83\ud83d\udd7a\u2728https:\/\/altira.nu\/?page_id=8Kom och m\u00f6t v\u00e5ren med dans hos oss, p\u00e5 Dansklubben Altira \ud83c\udf31","og_url":"https:\/\/altira.nu\/?p=327","og_site_name":"Dansklubben Altira","article_published_time":"2025-03-03T14:56:40+00:00","article_modified_time":"2025-03-03T14:56:42+00:00","author":"altiraadmin","twitter_card":"summary_large_image","twitter_misc":{"Skriven av":"altiraadmin","Ber\u00e4knad l\u00e4stid":"1 minut"},"schema":{"@context":"https:\/\/schema.org","@graph":[{"@type":"WebPage","@id":"https:\/\/altira.nu\/?p=327","url":"https:\/\/altira.nu\/?p=327","name":"Kursomg\u00e5ng 2, 2025, startar v. 13 - Dansklubben Altira","isPartOf":{"@id":"https:\/\/altira.nu\/#website"},"datePublished":"2025-03-03T14:56:40+00:00","dateModified":"2025-03-03T14:56:42+00:00","author":{"@id":"https:\/\/altira.nu\/#\/schema\/person\/0baad16c0f7c9893e33826880ccedb53"},"breadcrumb":{"@id":"https:\/\/altira.nu\/?p=327#breadcrumb"},"inLanguage":"sv-SE","potentialAction":[{"@type":"ReadAction","target":["https:\/\/altira.nu\/?p=327"]}]},{"@type":"BreadcrumbList","@id":"https:\/\/altira.nu\/?p=327#breadcrumb","itemListElement":[{"@type":"ListItem","position":1,"name":"Home","item":"https:\/\/altira.nu\/"},{"@type":"ListItem","position":2,"name":"Kursomg\u00e5ng 2, 2025, startar v. 13"}]},{"@type":"WebSite","@id":"https:\/\/altira.nu\/#website","url":"https:\/\/altira.nu\/","name":"Dansklubben Altira","description":"","potentialAction":[{"@type":"SearchAction","target":{"@type":"EntryPoint","urlTemplate":"https:\/\/altira.nu\/?s={search_term_string}"},"query-input":"required name=search_term_string"}],"inLanguage":"sv-SE"},{"@type":"Person","@id":"https:\/\/altira.nu\/#\/schema\/person\/0baad16c0f7c9893e33826880ccedb53","name":"altiraadmin","image":{"@type":"ImageObject","inLanguage":"sv-SE","@id":"https:\/\/altira.nu\/#\/schema\/person\/image\/","url":"https:\/\/altira.nu\/wp-content\/uploads\/2022\/12\/altiralogga-500x500-1-150x150.gif","contentUrl":"https:\/\/altira.nu\/wp-content\/uploads\/2022\/12\/altiralogga-500x500-1-150x150.gif","caption":"altiraadmin"},"sameAs":["https:\/\/www.wp.altira.nu"],"url":"https:\/\/altira.nu\/?author=1"}]}},"_links":{"self":[{"href":"https:\/\/altira.nu\/index.php?rest_route=\/wp\/v2\/posts\/327","targetHints":{"allow":["GET"]}}],"collection":[{"href":"https:\/\/altira.nu\/index.php?rest_route=\/wp\/v2\/posts"}],"about":[{"href":"https:\/\/altira.nu\/index.php?rest_route=\/wp\/v2\/types\/post"}],"author":[{"embeddable":true,"href":"https:\/\/altira.nu\/index.php?rest_route=\/wp\/v2\/users\/1"}],"replies":[{"embeddable":true,"href":"https:\/\/altira.nu\/index.php?rest_route=%2Fwp%2Fv2%2Fcomments&post=327"}],"version-history":[{"count":1,"href":"https:\/\/altira.nu\/index.php?rest_route=\/wp\/v2\/posts\/327\/revisions"}],"predecessor-version":[{"id":328,"href":"https:\/\/altira.nu\/index.php?rest_route=\/wp\/v2\/posts\/327\/revisions\/328"}],"wp:attachment":[{"href":"https:\/\/altira.nu\/index.php?rest_route=%2Fwp%2Fv2%2Fmedia&parent=327"}],"wp:term":[{"taxonomy":"category","embeddable":true,"href":"https:\/\/altira.nu\/index.php?rest_route=%2Fwp%2Fv2%2Fcategories&post=327"},{"taxonomy":"post_tag","embeddable":true,"href":"https:\/\/altira.nu\/index.php?rest_route=%2Fwp%2Fv2%2Ftags&post=327"}],"curies":[{"name":"wp","href":"https:\/\/api.w.org\/{rel}","templated":true}]}}