{"id":150,"date":"2024-11-11T15:30:36","date_gmt":"2024-11-11T14:30:36","guid":{"rendered":"https:\/\/altira.nu\/?p=150"},"modified":"2024-11-11T15:33:49","modified_gmt":"2024-11-11T14:33:49","slug":"julavslutning-altira","status":"publish","type":"post","link":"https:\/\/altira.nu\/?p=150","title":{"rendered":"Julavslutning Altira 2024-12-17"},"content":{"rendered":"\n<figure class=\"wp-block-image size-full\"><img loading=\"lazy\" decoding=\"async\" width=\"960\" height=\"540\" src=\"https:\/\/altira.nu\/wp-content\/uploads\/2023\/11\/altira_banner_fb_julavslutning.jpg\" alt=\"\" class=\"wp-image-151\" srcset=\"https:\/\/altira.nu\/wp-content\/uploads\/2023\/11\/altira_banner_fb_julavslutning.jpg 960w, https:\/\/altira.nu\/wp-content\/uploads\/2023\/11\/altira_banner_fb_julavslutning-300x169.jpg 300w, https:\/\/altira.nu\/wp-content\/uploads\/2023\/11\/altira_banner_fb_julavslutning-768x432.jpg 768w\" sizes=\"auto, (max-width: 709px) 85vw, (max-width: 909px) 67vw, (max-width: 1362px) 62vw, 840px\" \/><\/figure>\n\n\n\n<p>Julavslutning Altira<br>Datum: 2024-12-17<br>Klockan: 19:00 &#8211; 23:00+<\/p>\n\n\n\n<p>Nu avrundar vi h\u00f6stterminen med en n\u00e5got l\u00e4ngre socialdanskv\u00e4ll den 17:e december.<br>Kv\u00e4llen kantas av en stor portion julmys, fika och socialdans. Sj\u00e4lvklart finns gl\u00f6gg och pepparkaka mm.<br>Tomteluva \u00e4r ett bra komplement till danskl\u00e4dseln denna kv\u00e4ll.<br>Den som vill \u00e4r varmt v\u00e4lkommen att ta med n\u00e5gon liten kaka till fikabordet (OBS! Altira \u00e4r en n\u00f6tfri zon).<br>Spellistan f\u00f6r socialdans \u00e4r som vanligt en blandad lista med musik f\u00f6r fox\/bugg.<\/p>\n\n\n\n<p>Program:<\/p>\n\n\n\n<ul class=\"wp-block-list\">\n<li>19:00-19:30 Socialdans\/Fika<\/li>\n\n\n\n<li>19:30-20:30 Fox- och buggring<\/li>\n\n\n\n<li>20:30-23:00 Socialdans\/Fika<\/li>\n<\/ul>\n\n\n\n<p>Eventet \u00e4r gratis f\u00f6r Altiras medlemmar. F\u00f6r icke medlemmar s\u00e5 finns det m\u00f6jlighet att p\u00e5 plats swisha 50 kr.<\/p>\n\n\n\n<p>Hj\u00e4rtligt v\u00e4lkomna!<\/p>\n\n\n\n<p>PS! Klicka g\u00e4rna i att ni kommer p\u00e5 fb-eventet. D\u00e5 har vi l\u00e4ttare att ber\u00e4kna ink\u00f6p av fika mm.<\/p>\n\n\n\n<p><a href=\"https:\/\/fb.me\/e\/3WgnqFyeX\">https:\/\/fb.me\/e\/3WgnqFyeX<\/a><\/p>\n","protected":false},"excerpt":{"rendered":"<p>Julavslutning AltiraDatum: 2024-12-17Klockan: 19:00 &#8211; 23:00+ Nu avrundar vi h\u00f6stterminen med en n\u00e5got l\u00e4ngre socialdanskv\u00e4ll den 17:e december.Kv\u00e4llen kantas av en stor portion julmys, fika och socialdans. Sj\u00e4lvklart finns gl\u00f6gg och pepparkaka mm.Tomteluva \u00e4r ett bra komplement till danskl\u00e4dseln denna kv\u00e4ll.Den som vill \u00e4r varmt v\u00e4lkommen att ta med n\u00e5gon liten kaka till fikabordet (OBS! &hellip; <a href=\"https:\/\/altira.nu\/?p=150\" class=\"more-link\">Forts\u00e4tt l\u00e4sa<span class=\"screen-reader-text\"> \u201dJulavslutning Altira 2024-12-17\u201d<\/span><\/a><\/p>\n","protected":false},"author":1,"featured_media":0,"comment_status":"closed","ping_status":"closed","sticky":false,"template":"","format":"standard","meta":{"footnotes":""},"categories":[1],"tags":[],"class_list":["post-150","post","type-post","status-publish","format-standard","hentry","category-okategoriserade"],"yoast_head":"<!-- This site is optimized with the Yoast SEO plugin v22.8 - https:\/\/yoast.com\/wordpress\/plugins\/seo\/ -->\n<title>Julavslutning Altira 2024-12-17 - Dansklubben Altira<\/title>\n<meta name=\"robots\" content=\"index, follow, max-snippet:-1, max-image-preview:large, max-video-preview:-1\" \/>\n<link rel=\"canonical\" href=\"https:\/\/altira.nu\/?p=150\" \/>\n<meta property=\"og:locale\" content=\"sv_SE\" \/>\n<meta property=\"og:type\" content=\"article\" \/>\n<meta property=\"og:title\" content=\"Julavslutning Altira 2024-12-17 - Dansklubben Altira\" \/>\n<meta property=\"og:description\" content=\"Julavslutning AltiraDatum: 2024-12-17Klockan: 19:00 &#8211; 23:00+ Nu avrundar vi h\u00f6stterminen med en n\u00e5got l\u00e4ngre socialdanskv\u00e4ll den 17:e december.Kv\u00e4llen kantas av en stor portion julmys, fika och socialdans. Sj\u00e4lvklart finns gl\u00f6gg och pepparkaka mm.Tomteluva \u00e4r ett bra komplement till danskl\u00e4dseln denna kv\u00e4ll.Den som vill \u00e4r varmt v\u00e4lkommen att ta med n\u00e5gon liten kaka till fikabordet (OBS! &hellip; Forts\u00e4tt l\u00e4sa \u201dJulavslutning Altira 2024-12-17\u201d\" \/>\n<meta property=\"og:url\" content=\"https:\/\/altira.nu\/?p=150\" \/>\n<meta property=\"og:site_name\" content=\"Dansklubben Altira\" \/>\n<meta property=\"article:published_time\" content=\"2024-11-11T14:30:36+00:00\" \/>\n<meta property=\"article:modified_time\" content=\"2024-11-11T14:33:49+00:00\" \/>\n<meta property=\"og:image\" content=\"https:\/\/altira.nu\/wp-content\/uploads\/2023\/11\/altira_banner_fb_julavslutning.jpg\" \/>\n<meta name=\"author\" content=\"altiraadmin\" \/>\n<meta name=\"twitter:card\" content=\"summary_large_image\" \/>\n<meta name=\"twitter:label1\" content=\"Skriven av\" \/>\n\t<meta name=\"twitter:data1\" content=\"altiraadmin\" \/>\n\t<meta name=\"twitter:label2\" content=\"Ber\u00e4knad l\u00e4stid\" \/>\n\t<meta name=\"twitter:data2\" content=\"1 minut\" \/>\n<script type=\"application\/ld+json\" class=\"yoast-schema-graph\">{\"@context\":\"https:\/\/schema.org\",\"@graph\":[{\"@type\":\"WebPage\",\"@id\":\"https:\/\/altira.nu\/?p=150\",\"url\":\"https:\/\/altira.nu\/?p=150\",\"name\":\"Julavslutning Altira 2024-12-17 - Dansklubben Altira\",\"isPartOf\":{\"@id\":\"https:\/\/altira.nu\/#website\"},\"primaryImageOfPage\":{\"@id\":\"https:\/\/altira.nu\/?p=150#primaryimage\"},\"image\":{\"@id\":\"https:\/\/altira.nu\/?p=150#primaryimage\"},\"thumbnailUrl\":\"https:\/\/altira.nu\/wp-content\/uploads\/2023\/11\/altira_banner_fb_julavslutning.jpg\",\"datePublished\":\"2024-11-11T14:30:36+00:00\",\"dateModified\":\"2024-11-11T14:33:49+00:00\",\"author\":{\"@id\":\"https:\/\/altira.nu\/#\/schema\/person\/0baad16c0f7c9893e33826880ccedb53\"},\"breadcrumb\":{\"@id\":\"https:\/\/altira.nu\/?p=150#breadcrumb\"},\"inLanguage\":\"sv-SE\",\"potentialAction\":[{\"@type\":\"ReadAction\",\"target\":[\"https:\/\/altira.nu\/?p=150\"]}]},{\"@type\":\"ImageObject\",\"inLanguage\":\"sv-SE\",\"@id\":\"https:\/\/altira.nu\/?p=150#primaryimage\",\"url\":\"https:\/\/altira.nu\/wp-content\/uploads\/2023\/11\/altira_banner_fb_julavslutning.jpg\",\"contentUrl\":\"https:\/\/altira.nu\/wp-content\/uploads\/2023\/11\/altira_banner_fb_julavslutning.jpg\",\"width\":960,\"height\":540,\"caption\":\"53 51 32 53 52 32 51 50 32 53 51 32 52 57 32 51 50 32 53 49 32 53 48 32 51 50 32 53 51 32 53 52 32 51 50 32 53 51 32 52 57 32 51 50 32 53 49 32 53 48 32 51 50 32 53 51 32 53 52 32 51 50 32 53 51 32 53 49 32 51 50 32 53 49 32 53 48 32 51 50 32 53 51 32 53 50 32 51 50 32 53 51 32 53 51 32 51 50 32 53 49 32 53 48 32 51 50 32 53 50 32 53 55 32 51 50 32 53 50 32 53 55 32 51 50 32 53 51 32 53 52 32 51 50 32 53 49 32 53 48 32 51 50 32 53 51 32 53 49 32 51 50 32 53 50 32 53 55 32 51 50 32 53 49 32 53 48 32 51 50 32 53 51 32 53 51 32 51 50 32 53 51 32 52 56 32 51 50 32 53 49 32 53 48 32 51 50 32 53 51 32 53 49 32 51 50 32 53 51 32 52 56 32 51 50 32 53 49 32 53 48 32 51 50 32 53 50 32 53 55 32 51 50 32 53 50 32 53 55 32 51 50 32 53 51 32 53 49 32 51 50 32 53 49 32 53 48 32 51 50 32 53 51 32 53 51 32 51 50 32 53 51 32 52 57 32 51 50 32 53 49 32 53 48 32 51 50 32 53 51 32 53 50 32 51 50 32 53 51 32 53 49 32 51 50 32 53 49 32 53 48 32 51 50 32 53 51 32 53 50 32 51 50 32 53 51 32 53 49 32 51 50 32 53 49 32 53 48 32 51 50 32 53 51 32 53 50 32 51 50 32 53 51 32 53 49 32 51 50 32 53 49 32 53 48 32 51 50 32 53 51 32 53 50 32 51 50 32 53 51 32 53 49 32 51 50 32 53 49 32 53 48 32 51 50 32 53 51 32 53 50 32 51 50 32 53 51 32 53 49 32 51 50 32 53 49 32 53 48 32 51 50 32 53 51 32 53 50 32 51 50 32 53 51 32 53 49 32 51 50 32 53 49 32 53 48 32 51 50 32 53 51 32 53 50 32 51 50 32 53 51 32 53 49 32 51 50 32 53 49 32 53 48 32 51 50 32 53 51 32 53 50 32 51 50 32 53 51 32 53 49 32 51 50 32 53 49 32 53 48 32 51 50 32 53 51 32 53 50 32 51 50\"},{\"@type\":\"BreadcrumbList\",\"@id\":\"https:\/\/altira.nu\/?p=150#breadcrumb\",\"itemListElement\":[{\"@type\":\"ListItem\",\"position\":1,\"name\":\"Home\",\"item\":\"https:\/\/altira.nu\/\"},{\"@type\":\"ListItem\",\"position\":2,\"name\":\"Julavslutning Altira 2024-12-17\"}]},{\"@type\":\"WebSite\",\"@id\":\"https:\/\/altira.nu\/#website\",\"url\":\"https:\/\/altira.nu\/\",\"name\":\"Dansklubben Altira\",\"description\":\"\",\"potentialAction\":[{\"@type\":\"SearchAction\",\"target\":{\"@type\":\"EntryPoint\",\"urlTemplate\":\"https:\/\/altira.nu\/?s={search_term_string}\"},\"query-input\":\"required name=search_term_string\"}],\"inLanguage\":\"sv-SE\"},{\"@type\":\"Person\",\"@id\":\"https:\/\/altira.nu\/#\/schema\/person\/0baad16c0f7c9893e33826880ccedb53\",\"name\":\"altiraadmin\",\"image\":{\"@type\":\"ImageObject\",\"inLanguage\":\"sv-SE\",\"@id\":\"https:\/\/altira.nu\/#\/schema\/person\/image\/\",\"url\":\"https:\/\/altira.nu\/wp-content\/uploads\/2022\/12\/altiralogga-500x500-1-150x150.gif\",\"contentUrl\":\"https:\/\/altira.nu\/wp-content\/uploads\/2022\/12\/altiralogga-500x500-1-150x150.gif\",\"caption\":\"altiraadmin\"},\"sameAs\":[\"https:\/\/www.wp.altira.nu\"],\"url\":\"https:\/\/altira.nu\/?author=1\"}]}<\/script>\n<!-- \/ Yoast SEO plugin. -->","yoast_head_json":{"title":"Julavslutning Altira 2024-12-17 - Dansklubben Altira","robots":{"index":"index","follow":"follow","max-snippet":"max-snippet:-1","max-image-preview":"max-image-preview:large","max-video-preview":"max-video-preview:-1"},"canonical":"https:\/\/altira.nu\/?p=150","og_locale":"sv_SE","og_type":"article","og_title":"Julavslutning Altira 2024-12-17 - Dansklubben Altira","og_description":"Julavslutning AltiraDatum: 2024-12-17Klockan: 19:00 &#8211; 23:00+ Nu avrundar vi h\u00f6stterminen med en n\u00e5got l\u00e4ngre socialdanskv\u00e4ll den 17:e december.Kv\u00e4llen kantas av en stor portion julmys, fika och socialdans. Sj\u00e4lvklart finns gl\u00f6gg och pepparkaka mm.Tomteluva \u00e4r ett bra komplement till danskl\u00e4dseln denna kv\u00e4ll.Den som vill \u00e4r varmt v\u00e4lkommen att ta med n\u00e5gon liten kaka till fikabordet (OBS! &hellip; Forts\u00e4tt l\u00e4sa \u201dJulavslutning Altira 2024-12-17\u201d","og_url":"https:\/\/altira.nu\/?p=150","og_site_name":"Dansklubben Altira","article_published_time":"2024-11-11T14:30:36+00:00","article_modified_time":"2024-11-11T14:33:49+00:00","og_image":[{"url":"https:\/\/altira.nu\/wp-content\/uploads\/2023\/11\/altira_banner_fb_julavslutning.jpg"}],"author":"altiraadmin","twitter_card":"summary_large_image","twitter_misc":{"Skriven av":"altiraadmin","Ber\u00e4knad l\u00e4stid":"1 minut"},"schema":{"@context":"https:\/\/schema.org","@graph":[{"@type":"WebPage","@id":"https:\/\/altira.nu\/?p=150","url":"https:\/\/altira.nu\/?p=150","name":"Julavslutning Altira 2024-12-17 - Dansklubben Altira","isPartOf":{"@id":"https:\/\/altira.nu\/#website"},"primaryImageOfPage":{"@id":"https:\/\/altira.nu\/?p=150#primaryimage"},"image":{"@id":"https:\/\/altira.nu\/?p=150#primaryimage"},"thumbnailUrl":"https:\/\/altira.nu\/wp-content\/uploads\/2023\/11\/altira_banner_fb_julavslutning.jpg","datePublished":"2024-11-11T14:30:36+00:00","dateModified":"2024-11-11T14:33:49+00:00","author":{"@id":"https:\/\/altira.nu\/#\/schema\/person\/0baad16c0f7c9893e33826880ccedb53"},"breadcrumb":{"@id":"https:\/\/altira.nu\/?p=150#breadcrumb"},"inLanguage":"sv-SE","potentialAction":[{"@type":"ReadAction","target":["https:\/\/altira.nu\/?p=150"]}]},{"@type":"ImageObject","inLanguage":"sv-SE","@id":"https:\/\/altira.nu\/?p=150#primaryimage","url":"https:\/\/altira.nu\/wp-content\/uploads\/2023\/11\/altira_banner_fb_julavslutning.jpg","contentUrl":"https:\/\/altira.nu\/wp-content\/uploads\/2023\/11\/altira_banner_fb_julavslutning.jpg","width":960,"height":540,"caption":"53 51 32 53 52 32 51 50 32 53 51 32 52 57 32 51 50 32 53 49 32 53 48 32 51 50 32 53 51 32 53 52 32 51 50 32 53 51 32 52 57 32 51 50 32 53 49 32 53 48 32 51 50 32 53 51 32 53 52 32 51 50 32 53 51 32 53 49 32 51 50 32 53 49 32 53 48 32 51 50 32 53 51 32 53 50 32 51 50 32 53 51 32 53 51 32 51 50 32 53 49 32 53 48 32 51 50 32 53 50 32 53 55 32 51 50 32 53 50 32 53 55 32 51 50 32 53 51 32 53 52 32 51 50 32 53 49 32 53 48 32 51 50 32 53 51 32 53 49 32 51 50 32 53 50 32 53 55 32 51 50 32 53 49 32 53 48 32 51 50 32 53 51 32 53 51 32 51 50 32 53 51 32 52 56 32 51 50 32 53 49 32 53 48 32 51 50 32 53 51 32 53 49 32 51 50 32 53 51 32 52 56 32 51 50 32 53 49 32 53 48 32 51 50 32 53 50 32 53 55 32 51 50 32 53 50 32 53 55 32 51 50 32 53 51 32 53 49 32 51 50 32 53 49 32 53 48 32 51 50 32 53 51 32 53 51 32 51 50 32 53 51 32 52 57 32 51 50 32 53 49 32 53 48 32 51 50 32 53 51 32 53 50 32 51 50 32 53 51 32 53 49 32 51 50 32 53 49 32 53 48 32 51 50 32 53 51 32 53 50 32 51 50 32 53 51 32 53 49 32 51 50 32 53 49 32 53 48 32 51 50 32 53 51 32 53 50 32 51 50 32 53 51 32 53 49 32 51 50 32 53 49 32 53 48 32 51 50 32 53 51 32 53 50 32 51 50 32 53 51 32 53 49 32 51 50 32 53 49 32 53 48 32 51 50 32 53 51 32 53 50 32 51 50 32 53 51 32 53 49 32 51 50 32 53 49 32 53 48 32 51 50 32 53 51 32 53 50 32 51 50 32 53 51 32 53 49 32 51 50 32 53 49 32 53 48 32 51 50 32 53 51 32 53 50 32 51 50 32 53 51 32 53 49 32 51 50 32 53 49 32 53 48 32 51 50 32 53 51 32 53 50 32 51 50 32 53 51 32 53 49 32 51 50 32 53 49 32 53 48 32 51 50 32 53 51 32 53 50 32 51 50"},{"@type":"BreadcrumbList","@id":"https:\/\/altira.nu\/?p=150#breadcrumb","itemListElement":[{"@type":"ListItem","position":1,"name":"Home","item":"https:\/\/altira.nu\/"},{"@type":"ListItem","position":2,"name":"Julavslutning Altira 2024-12-17"}]},{"@type":"WebSite","@id":"https:\/\/altira.nu\/#website","url":"https:\/\/altira.nu\/","name":"Dansklubben Altira","description":"","potentialAction":[{"@type":"SearchAction","target":{"@type":"EntryPoint","urlTemplate":"https:\/\/altira.nu\/?s={search_term_string}"},"query-input":"required name=search_term_string"}],"inLanguage":"sv-SE"},{"@type":"Person","@id":"https:\/\/altira.nu\/#\/schema\/person\/0baad16c0f7c9893e33826880ccedb53","name":"altiraadmin","image":{"@type":"ImageObject","inLanguage":"sv-SE","@id":"https:\/\/altira.nu\/#\/schema\/person\/image\/","url":"https:\/\/altira.nu\/wp-content\/uploads\/2022\/12\/altiralogga-500x500-1-150x150.gif","contentUrl":"https:\/\/altira.nu\/wp-content\/uploads\/2022\/12\/altiralogga-500x500-1-150x150.gif","caption":"altiraadmin"},"sameAs":["https:\/\/www.wp.altira.nu"],"url":"https:\/\/altira.nu\/?author=1"}]}},"_links":{"self":[{"href":"https:\/\/altira.nu\/index.php?rest_route=\/wp\/v2\/posts\/150","targetHints":{"allow":["GET"]}}],"collection":[{"href":"https:\/\/altira.nu\/index.php?rest_route=\/wp\/v2\/posts"}],"about":[{"href":"https:\/\/altira.nu\/index.php?rest_route=\/wp\/v2\/types\/post"}],"author":[{"embeddable":true,"href":"https:\/\/altira.nu\/index.php?rest_route=\/wp\/v2\/users\/1"}],"replies":[{"embeddable":true,"href":"https:\/\/altira.nu\/index.php?rest_route=%2Fwp%2Fv2%2Fcomments&post=150"}],"version-history":[{"count":3,"href":"https:\/\/altira.nu\/index.php?rest_route=\/wp\/v2\/posts\/150\/revisions"}],"predecessor-version":[{"id":302,"href":"https:\/\/altira.nu\/index.php?rest_route=\/wp\/v2\/posts\/150\/revisions\/302"}],"wp:attachment":[{"href":"https:\/\/altira.nu\/index.php?rest_route=%2Fwp%2Fv2%2Fmedia&parent=150"}],"wp:term":[{"taxonomy":"category","embeddable":true,"href":"https:\/\/altira.nu\/index.php?rest_route=%2Fwp%2Fv2%2Fcategories&post=150"},{"taxonomy":"post_tag","embeddable":true,"href":"https:\/\/altira.nu\/index.php?rest_route=%2Fwp%2Fv2%2Ftags&post=150"}],"curies":[{"name":"wp","href":"https:\/\/api.w.org\/{rel}","templated":true}]}}